{"id":2488,"date":"2014-02-06T18:46:48","date_gmt":"2014-02-06T23:46:48","guid":{"rendered":"https:\/\/dev.canadianhelicopters.com\/grande-ouverture-terrace\/"},"modified":"2014-02-06T18:46:48","modified_gmt":"2014-02-06T23:46:48","slug":"grande-ouverture-terrace","status":"publish","type":"post","link":"https:\/\/www.canadianhelicopters.com\/fr\/grande-ouverture-terrace\/","title":{"rendered":"Grande ouverture &#8211; Terrace"},"content":{"rendered":"<div style=\"width: 730px\" class=\"wp-caption alignnone\"><a href=\"https:\/\/www.canadianhelicopters.com\/wp-content\/uploads\/2014\/02\/IMG_8187.jpg\"><img loading=\"lazy\" decoding=\"async\" title=\"IMG_8187\" src=\"https:\/\/www.canadianhelicopters.com\/wp-content\/uploads\/2014\/02\/IMG_8187.jpg\" alt=\"\" width=\"720\" height=\"480\" \/><\/a><p class=\"wp-caption-text\">g \u00e0 d: Randall Findlay, Directeur; Carmen Loberg, Directeur; Chad Sallenback, TAE Superviseur de base; Don Wall, Pr\u00e9sident & Chef de la direction; Craig Kendell, Directeur de base et Larry Pollock, Directeur et Chef du conseil d'administration<\/p><\/div>\n<p dir=\"ltr\">6 f\u00e9vrier, 2014 &#8211; H\u00e9licopt\u00e8res Canadiens a c\u00e9l\u00e9br\u00e9 r\u00e9cemment l&rsquo;ouverture officielle de ses nouveaux hangar et bureaux situ\u00e9s \u00e0 Terrace, Colombie Britannique,Canada.\u00a0\u00a0\u00a0 Cet \u00e9v\u00e9nement a attir\u00e9 beaucoup de nos clients et fournisseurs, des m\u00e9dias locaux et des membres du conseil d&rsquo;administration de HNZ. \u00a0\u00a0\u00a0<\/p>\n<p dir=\"ltr\">Le nouvel \u00e9tablissement de 13 000 pieds carr\u00e9s comprend une r\u00e9ception, des bureaux, une salle pour les pilotes, une salle de planification et debriefing et un hangar pouvant accueillir 12 appareils. H\u00e9licopt\u00e8res Canadiens a emm\u00e9nag\u00e9 dans ses nouveaux locaux en mai 2013 et est maintenant confortablement positionn\u00e9 pour r\u00e9pondre \u00e0 la croissance de la r\u00e9gion.<\/p>\n<p dir=\"ltr\"><a href=\"http:\/\/hnz.com\/wps\/wp-content\/uploads\/2014\/02\/Terrace_night_faded.jpg\"><img loading=\"lazy\" decoding=\"async\" title=\"Terrace_night_faded\" src=\"http:\/\/hnz.com\/wps\/wp-content\/uploads\/2014\/02\/Terrace_night_faded-300x200.jpg\" alt=\"\" width=\"300\" height=\"200\" \/><\/a><a href=\"http:\/\/hnz.com\/wps\/wp-content\/uploads\/2014\/02\/IMG_025912.jpg\"><img loading=\"lazy\" decoding=\"async\" title=\"IMG_0259[1]\" src=\"http:\/\/hnz.com\/wps\/wp-content\/uploads\/2014\/02\/IMG_025912-300x225.jpg\" alt=\"\" width=\"300\" height=\"225\" \/><\/a><\/p>\n","protected":false},"excerpt":{"rendered":"<p>6 f\u00e9vrier, 2014 &#8211; H\u00e9licopt\u00e8res Canadiens a c\u00e9l\u00e9br\u00e9 r\u00e9cemment l&rsquo;ouverture officielle de ses nouveaux hangar et bureaux situ\u00e9s \u00e0 Terrace, Colombie Britannique,Canada.\u00a0\u00a0\u00a0 Cet \u00e9v\u00e9nement a attir\u00e9 beaucoup de nos clients et fournisseurs, des m\u00e9dias locaux et des membres du conseil d&rsquo;administration de HNZ. \u00a0\u00a0\u00a0 Le nouvel \u00e9tablissement de 13 000 pieds carr\u00e9s comprend une r\u00e9ception, [&hellip;]<\/p>\n","protected":false},"author":2,"featured_media":0,"comment_status":"closed","ping_status":"closed","sticky":false,"template":"","format":"standard","meta":{"footnotes":""},"categories":[23,35],"tags":[],"class_list":["post-2488","post","type-post","status-publish","format-standard","hentry","category-in-the-news-4","category-news-fr"],"yoast_head":"<!-- This site is optimized with the Yoast SEO plugin v27.4 - https:\/\/yoast.com\/product\/yoast-seo-wordpress\/ -->\n<title>Grande ouverture - Terrace - Canadian Helicopters<\/title>\n<meta name=\"robots\" content=\"index, follow, max-snippet:-1, max-image-preview:large, max-video-preview:-1\" \/>\n<link rel=\"canonical\" href=\"https:\/\/www.canadianhelicopters.com\/fr\/grande-ouverture-terrace\/\" \/>\n<meta property=\"og:locale\" content=\"fr_FR\" \/>\n<meta property=\"og:type\" content=\"article\" \/>\n<meta property=\"og:title\" content=\"Grande ouverture - Terrace - Canadian Helicopters\" \/>\n<meta property=\"og:description\" content=\"6 f\u00e9vrier, 2014 &#8211; H\u00e9licopt\u00e8res Canadiens a c\u00e9l\u00e9br\u00e9 r\u00e9cemment l&rsquo;ouverture officielle de ses nouveaux hangar et bureaux situ\u00e9s \u00e0 Terrace, Colombie Britannique,Canada.\u00a0\u00a0\u00a0 Cet \u00e9v\u00e9nement a attir\u00e9 beaucoup de nos clients et fournisseurs, des m\u00e9dias locaux et des membres du conseil d&rsquo;administration de HNZ. \u00a0\u00a0\u00a0 Le nouvel \u00e9tablissement de 13 000 pieds carr\u00e9s comprend une r\u00e9ception, [&hellip;]\" \/>\n<meta property=\"og:url\" content=\"https:\/\/www.canadianhelicopters.com\/fr\/grande-ouverture-terrace\/\" \/>\n<meta property=\"og:site_name\" content=\"Canadian Helicopters\" \/>\n<meta property=\"article:published_time\" content=\"2014-02-06T23:46:48+00:00\" \/>\n<meta property=\"og:image\" content=\"https:\/\/www.canadianhelicopters.com\/wp-content\/uploads\/2014\/02\/IMG_8187.jpg\" \/>\n<meta name=\"twitter:card\" content=\"summary_large_image\" \/>\n<meta name=\"twitter:label1\" content=\"\u00c9crit par\" \/>\n\t<meta name=\"twitter:data1\" content=\"\" \/>\n\t<meta name=\"twitter:label2\" content=\"Dur\u00e9e de lecture estim\u00e9e\" \/>\n\t<meta name=\"twitter:data2\" content=\"1 minute\" \/>\n<script type=\"application\/ld+json\" class=\"yoast-schema-graph\">{\"@context\":\"https:\\\/\\\/schema.org\",\"@graph\":[{\"@type\":\"Article\",\"@id\":\"https:\\\/\\\/www.canadianhelicopters.com\\\/fr\\\/grande-ouverture-terrace\\\/#article\",\"isPartOf\":{\"@id\":\"https:\\\/\\\/www.canadianhelicopters.com\\\/fr\\\/grande-ouverture-terrace\\\/\"},\"author\":{\"name\":\"Joannah\",\"@id\":\"https:\\\/\\\/www.canadianhelicopters.com\\\/fr\\\/#\\\/schema\\\/person\\\/eac8c955bbc1082198b2f064940b44d5\"},\"headline\":\"Grande ouverture &#8211; Terrace\",\"datePublished\":\"2014-02-06T23:46:48+00:00\",\"mainEntityOfPage\":{\"@id\":\"https:\\\/\\\/www.canadianhelicopters.com\\\/fr\\\/grande-ouverture-terrace\\\/\"},\"wordCount\":157,\"publisher\":{\"@id\":\"https:\\\/\\\/www.canadianhelicopters.com\\\/fr\\\/#organization\"},\"image\":{\"@id\":\"https:\\\/\\\/www.canadianhelicopters.com\\\/fr\\\/grande-ouverture-terrace\\\/#primaryimage\"},\"thumbnailUrl\":\"https:\\\/\\\/www.canadianhelicopters.com\\\/wp-content\\\/uploads\\\/2014\\\/02\\\/IMG_8187.jpg\",\"articleSection\":[\"In the News\",\"News\"],\"inLanguage\":\"fr-FR\"},{\"@type\":\"WebPage\",\"@id\":\"https:\\\/\\\/www.canadianhelicopters.com\\\/fr\\\/grande-ouverture-terrace\\\/\",\"url\":\"https:\\\/\\\/www.canadianhelicopters.com\\\/fr\\\/grande-ouverture-terrace\\\/\",\"name\":\"Grande ouverture - Terrace - Canadian Helicopters\",\"isPartOf\":{\"@id\":\"https:\\\/\\\/www.canadianhelicopters.com\\\/fr\\\/#website\"},\"primaryImageOfPage\":{\"@id\":\"https:\\\/\\\/www.canadianhelicopters.com\\\/fr\\\/grande-ouverture-terrace\\\/#primaryimage\"},\"image\":{\"@id\":\"https:\\\/\\\/www.canadianhelicopters.com\\\/fr\\\/grande-ouverture-terrace\\\/#primaryimage\"},\"thumbnailUrl\":\"https:\\\/\\\/www.canadianhelicopters.com\\\/wp-content\\\/uploads\\\/2014\\\/02\\\/IMG_8187.jpg\",\"datePublished\":\"2014-02-06T23:46:48+00:00\",\"breadcrumb\":{\"@id\":\"https:\\\/\\\/www.canadianhelicopters.com\\\/fr\\\/grande-ouverture-terrace\\\/#breadcrumb\"},\"inLanguage\":\"fr-FR\",\"potentialAction\":[{\"@type\":\"ReadAction\",\"target\":[\"https:\\\/\\\/www.canadianhelicopters.com\\\/fr\\\/grande-ouverture-terrace\\\/\"]}]},{\"@type\":\"ImageObject\",\"inLanguage\":\"fr-FR\",\"@id\":\"https:\\\/\\\/www.canadianhelicopters.com\\\/fr\\\/grande-ouverture-terrace\\\/#primaryimage\",\"url\":\"https:\\\/\\\/www.canadianhelicopters.com\\\/wp-content\\\/uploads\\\/2014\\\/02\\\/IMG_8187.jpg\",\"contentUrl\":\"https:\\\/\\\/www.canadianhelicopters.com\\\/wp-content\\\/uploads\\\/2014\\\/02\\\/IMG_8187.jpg\"},{\"@type\":\"BreadcrumbList\",\"@id\":\"https:\\\/\\\/www.canadianhelicopters.com\\\/fr\\\/grande-ouverture-terrace\\\/#breadcrumb\",\"itemListElement\":[{\"@type\":\"ListItem\",\"position\":1,\"name\":\"Home\",\"item\":\"https:\\\/\\\/www.canadianhelicopters.com\\\/fr\\\/home\\\/\"},{\"@type\":\"ListItem\",\"position\":2,\"name\":\"Grande ouverture &#8211; Terrace\"}]},{\"@type\":\"WebSite\",\"@id\":\"https:\\\/\\\/www.canadianhelicopters.com\\\/fr\\\/#website\",\"url\":\"https:\\\/\\\/www.canadianhelicopters.com\\\/fr\\\/\",\"name\":\"Canadian Helicopters\",\"description\":\"\",\"publisher\":{\"@id\":\"https:\\\/\\\/www.canadianhelicopters.com\\\/fr\\\/#organization\"},\"potentialAction\":[{\"@type\":\"SearchAction\",\"target\":{\"@type\":\"EntryPoint\",\"urlTemplate\":\"https:\\\/\\\/www.canadianhelicopters.com\\\/fr\\\/?s={search_term_string}\"},\"query-input\":{\"@type\":\"PropertyValueSpecification\",\"valueRequired\":true,\"valueName\":\"search_term_string\"}}],\"inLanguage\":\"fr-FR\"},{\"@type\":\"Organization\",\"@id\":\"https:\\\/\\\/www.canadianhelicopters.com\\\/fr\\\/#organization\",\"name\":\"Canadian Helicopters\",\"url\":\"https:\\\/\\\/www.canadianhelicopters.com\\\/fr\\\/\",\"logo\":{\"@type\":\"ImageObject\",\"inLanguage\":\"fr-FR\",\"@id\":\"https:\\\/\\\/www.canadianhelicopters.com\\\/fr\\\/#\\\/schema\\\/logo\\\/image\\\/\",\"url\":\"https:\\\/\\\/www.canadianhelicopters.com\\\/wp-content\\\/uploads\\\/2020\\\/10\\\/CH-logo-EN.png\",\"contentUrl\":\"https:\\\/\\\/www.canadianhelicopters.com\\\/wp-content\\\/uploads\\\/2020\\\/10\\\/CH-logo-EN.png\",\"width\":230,\"height\":129,\"caption\":\"Canadian Helicopters\"},\"image\":{\"@id\":\"https:\\\/\\\/www.canadianhelicopters.com\\\/fr\\\/#\\\/schema\\\/logo\\\/image\\\/\"}},{\"@type\":\"Person\",\"@id\":\"https:\\\/\\\/www.canadianhelicopters.com\\\/fr\\\/#\\\/schema\\\/person\\\/eac8c955bbc1082198b2f064940b44d5\",\"name\":\"Joannah\",\"image\":{\"@type\":\"ImageObject\",\"inLanguage\":\"fr-FR\",\"@id\":\"https:\\\/\\\/secure.gravatar.com\\\/avatar\\\/c67286a2ea56070813d8bac69bb0bb49e857abef5729920c8019477d981a824d?s=96&d=mm&r=g\",\"url\":\"https:\\\/\\\/secure.gravatar.com\\\/avatar\\\/c67286a2ea56070813d8bac69bb0bb49e857abef5729920c8019477d981a824d?s=96&d=mm&r=g\",\"contentUrl\":\"https:\\\/\\\/secure.gravatar.com\\\/avatar\\\/c67286a2ea56070813d8bac69bb0bb49e857abef5729920c8019477d981a824d?s=96&d=mm&r=g\",\"caption\":\"Joannah\"}}]}<\/script>\n<!-- \/ Yoast SEO plugin. -->","yoast_head_json":{"title":"Grande ouverture - Terrace - Canadian Helicopters","robots":{"index":"index","follow":"follow","max-snippet":"max-snippet:-1","max-image-preview":"max-image-preview:large","max-video-preview":"max-video-preview:-1"},"canonical":"https:\/\/www.canadianhelicopters.com\/fr\/grande-ouverture-terrace\/","og_locale":"fr_FR","og_type":"article","og_title":"Grande ouverture - Terrace - Canadian Helicopters","og_description":"6 f\u00e9vrier, 2014 &#8211; H\u00e9licopt\u00e8res Canadiens a c\u00e9l\u00e9br\u00e9 r\u00e9cemment l&rsquo;ouverture officielle de ses nouveaux hangar et bureaux situ\u00e9s \u00e0 Terrace, Colombie Britannique,Canada.\u00a0\u00a0\u00a0 Cet \u00e9v\u00e9nement a attir\u00e9 beaucoup de nos clients et fournisseurs, des m\u00e9dias locaux et des membres du conseil d&rsquo;administration de HNZ. \u00a0\u00a0\u00a0 Le nouvel \u00e9tablissement de 13 000 pieds carr\u00e9s comprend une r\u00e9ception, [&hellip;]","og_url":"https:\/\/www.canadianhelicopters.com\/fr\/grande-ouverture-terrace\/","og_site_name":"Canadian Helicopters","article_published_time":"2014-02-06T23:46:48+00:00","og_image":[{"url":"https:\/\/www.canadianhelicopters.com\/wp-content\/uploads\/2014\/02\/IMG_8187.jpg","type":"","width":"","height":""}],"twitter_card":"summary_large_image","twitter_misc":{"\u00c9crit par":false,"Dur\u00e9e de lecture estim\u00e9e":"1 minute"},"schema":{"@context":"https:\/\/schema.org","@graph":[{"@type":"Article","@id":"https:\/\/www.canadianhelicopters.com\/fr\/grande-ouverture-terrace\/#article","isPartOf":{"@id":"https:\/\/www.canadianhelicopters.com\/fr\/grande-ouverture-terrace\/"},"author":{"name":"Joannah","@id":"https:\/\/www.canadianhelicopters.com\/fr\/#\/schema\/person\/eac8c955bbc1082198b2f064940b44d5"},"headline":"Grande ouverture &#8211; Terrace","datePublished":"2014-02-06T23:46:48+00:00","mainEntityOfPage":{"@id":"https:\/\/www.canadianhelicopters.com\/fr\/grande-ouverture-terrace\/"},"wordCount":157,"publisher":{"@id":"https:\/\/www.canadianhelicopters.com\/fr\/#organization"},"image":{"@id":"https:\/\/www.canadianhelicopters.com\/fr\/grande-ouverture-terrace\/#primaryimage"},"thumbnailUrl":"https:\/\/www.canadianhelicopters.com\/wp-content\/uploads\/2014\/02\/IMG_8187.jpg","articleSection":["In the News","News"],"inLanguage":"fr-FR"},{"@type":"WebPage","@id":"https:\/\/www.canadianhelicopters.com\/fr\/grande-ouverture-terrace\/","url":"https:\/\/www.canadianhelicopters.com\/fr\/grande-ouverture-terrace\/","name":"Grande ouverture - Terrace - Canadian Helicopters","isPartOf":{"@id":"https:\/\/www.canadianhelicopters.com\/fr\/#website"},"primaryImageOfPage":{"@id":"https:\/\/www.canadianhelicopters.com\/fr\/grande-ouverture-terrace\/#primaryimage"},"image":{"@id":"https:\/\/www.canadianhelicopters.com\/fr\/grande-ouverture-terrace\/#primaryimage"},"thumbnailUrl":"https:\/\/www.canadianhelicopters.com\/wp-content\/uploads\/2014\/02\/IMG_8187.jpg","datePublished":"2014-02-06T23:46:48+00:00","breadcrumb":{"@id":"https:\/\/www.canadianhelicopters.com\/fr\/grande-ouverture-terrace\/#breadcrumb"},"inLanguage":"fr-FR","potentialAction":[{"@type":"ReadAction","target":["https:\/\/www.canadianhelicopters.com\/fr\/grande-ouverture-terrace\/"]}]},{"@type":"ImageObject","inLanguage":"fr-FR","@id":"https:\/\/www.canadianhelicopters.com\/fr\/grande-ouverture-terrace\/#primaryimage","url":"https:\/\/www.canadianhelicopters.com\/wp-content\/uploads\/2014\/02\/IMG_8187.jpg","contentUrl":"https:\/\/www.canadianhelicopters.com\/wp-content\/uploads\/2014\/02\/IMG_8187.jpg"},{"@type":"BreadcrumbList","@id":"https:\/\/www.canadianhelicopters.com\/fr\/grande-ouverture-terrace\/#breadcrumb","itemListElement":[{"@type":"ListItem","position":1,"name":"Home","item":"https:\/\/www.canadianhelicopters.com\/fr\/home\/"},{"@type":"ListItem","position":2,"name":"Grande ouverture &#8211; Terrace"}]},{"@type":"WebSite","@id":"https:\/\/www.canadianhelicopters.com\/fr\/#website","url":"https:\/\/www.canadianhelicopters.com\/fr\/","name":"Canadian Helicopters","description":"","publisher":{"@id":"https:\/\/www.canadianhelicopters.com\/fr\/#organization"},"potentialAction":[{"@type":"SearchAction","target":{"@type":"EntryPoint","urlTemplate":"https:\/\/www.canadianhelicopters.com\/fr\/?s={search_term_string}"},"query-input":{"@type":"PropertyValueSpecification","valueRequired":true,"valueName":"search_term_string"}}],"inLanguage":"fr-FR"},{"@type":"Organization","@id":"https:\/\/www.canadianhelicopters.com\/fr\/#organization","name":"Canadian Helicopters","url":"https:\/\/www.canadianhelicopters.com\/fr\/","logo":{"@type":"ImageObject","inLanguage":"fr-FR","@id":"https:\/\/www.canadianhelicopters.com\/fr\/#\/schema\/logo\/image\/","url":"https:\/\/www.canadianhelicopters.com\/wp-content\/uploads\/2020\/10\/CH-logo-EN.png","contentUrl":"https:\/\/www.canadianhelicopters.com\/wp-content\/uploads\/2020\/10\/CH-logo-EN.png","width":230,"height":129,"caption":"Canadian Helicopters"},"image":{"@id":"https:\/\/www.canadianhelicopters.com\/fr\/#\/schema\/logo\/image\/"}},{"@type":"Person","@id":"https:\/\/www.canadianhelicopters.com\/fr\/#\/schema\/person\/eac8c955bbc1082198b2f064940b44d5","name":"Joannah","image":{"@type":"ImageObject","inLanguage":"fr-FR","@id":"https:\/\/secure.gravatar.com\/avatar\/c67286a2ea56070813d8bac69bb0bb49e857abef5729920c8019477d981a824d?s=96&d=mm&r=g","url":"https:\/\/secure.gravatar.com\/avatar\/c67286a2ea56070813d8bac69bb0bb49e857abef5729920c8019477d981a824d?s=96&d=mm&r=g","contentUrl":"https:\/\/secure.gravatar.com\/avatar\/c67286a2ea56070813d8bac69bb0bb49e857abef5729920c8019477d981a824d?s=96&d=mm&r=g","caption":"Joannah"}}]}},"_links":{"self":[{"href":"https:\/\/www.canadianhelicopters.com\/fr\/wp-json\/wp\/v2\/posts\/2488","targetHints":{"allow":["GET"]}}],"collection":[{"href":"https:\/\/www.canadianhelicopters.com\/fr\/wp-json\/wp\/v2\/posts"}],"about":[{"href":"https:\/\/www.canadianhelicopters.com\/fr\/wp-json\/wp\/v2\/types\/post"}],"author":[{"embeddable":true,"href":"https:\/\/www.canadianhelicopters.com\/fr\/wp-json\/wp\/v2\/users\/2"}],"replies":[{"embeddable":true,"href":"https:\/\/www.canadianhelicopters.com\/fr\/wp-json\/wp\/v2\/comments?post=2488"}],"version-history":[{"count":0,"href":"https:\/\/www.canadianhelicopters.com\/fr\/wp-json\/wp\/v2\/posts\/2488\/revisions"}],"wp:attachment":[{"href":"https:\/\/www.canadianhelicopters.com\/fr\/wp-json\/wp\/v2\/media?parent=2488"}],"wp:term":[{"taxonomy":"category","embeddable":true,"href":"https:\/\/www.canadianhelicopters.com\/fr\/wp-json\/wp\/v2\/categories?post=2488"},{"taxonomy":"post_tag","embeddable":true,"href":"https:\/\/www.canadianhelicopters.com\/fr\/wp-json\/wp\/v2\/tags?post=2488"}],"curies":[{"name":"wp","href":"https:\/\/api.w.org\/{rel}","templated":true}]}}