{"id":2527,"date":"2020-08-20T10:32:27","date_gmt":"2020-08-20T14:32:27","guid":{"rendered":"https:\/\/dev.canadianhelicopters.com\/devoilement-dhelicopteres-canadiens-en-tant-que-membre-de-lequipe-skyalyne\/"},"modified":"2020-08-20T10:32:27","modified_gmt":"2020-08-20T14:32:27","slug":"devoilement-dhelicopteres-canadiens-en-tant-que-membre-de-lequipe-skyalyne","status":"publish","type":"post","link":"https:\/\/www.canadianhelicopters.com\/fr\/devoilement-dhelicopteres-canadiens-en-tant-que-membre-de-lequipe-skyalyne\/","title":{"rendered":"D\u00e9voilement d\u2019H\u00e9licopt\u00e8res Canadiens en tant que membre de l\u2019\u00e9quipe SkyAlyne"},"content":{"rendered":"<p>SkyAlyne a officiellement d\u00e9voil\u00e9 son \u00e9quipe de membres qui fera partie de l\u2019\u00e9quipe strat\u00e9gique avec laquelle elle poursuivra le programme de formation du futur \u00e9quipage ( FAcT) de l\u2019Aviation royale canadienne (ARC). H\u00e9licopt\u00e8res Canadiens est fier de faire partie de cette \u00e9quipe. <\/p>\n<p>H\u00e9licopt\u00e8res Canadiens poss\u00e8de d\u00e9j\u00e0 une vaste exp\u00e9rience en mati\u00e8re de formation des pilotes et de services de maintenance aux Forces Canadiennes et est ravi de s\u2019associer \u00e0 d\u2019autres sous-traitants de l\u2019aviation et de la d\u00e9fense.<\/p>\n<p>Les d\u00e9tails du partenariat SkyAlyne sont inclus dans le <a href=\"http:\/\/skyalyne.ca\/press-release\/SkyAlyneTeam\" target=\"_blank\" rel=\"noopener noreferrer\">communiqu\u00e9 de presse li\u00e9<\/a>.<\/p>\n<p><a href=\"http:\/\/skyalyne.ca\/\" rel=\"noopener noreferrer\" target=\"_blank\"><img loading=\"lazy\" decoding=\"async\" class=\"alignleft wp-image-2401 size-full\" src=\"https:\/\/www.canadianhelicopters.com\/wps\/wp-content\/uploads\/2020\/08\/SkyAlyne-logo.jpg\" alt=\"\" width=\"397\" height=\"133\" srcset=\"https:\/\/www.canadianhelicopters.com\/wp-content\/uploads\/2020\/08\/SkyAlyne-logo.jpg 397w, https:\/\/www.canadianhelicopters.com\/wp-content\/uploads\/2020\/08\/SkyAlyne-logo-300x101.jpg 300w\" sizes=\"auto, (max-width: 397px) 100vw, 397px\" \/><\/a><\/p>\n","protected":false},"excerpt":{"rendered":"<p>SkyAlyne a officiellement d\u00e9voil\u00e9 son \u00e9quipe de membres qui fera partie de l\u2019\u00e9quipe strat\u00e9gique avec laquelle elle poursuivra le programme de formation du futur \u00e9quipage ( FAcT) de l\u2019Aviation royale canadienne (ARC). H\u00e9licopt\u00e8res Canadiens est fier de faire partie de cette \u00e9quipe. H\u00e9licopt\u00e8res Canadiens poss\u00e8de d\u00e9j\u00e0 une vaste exp\u00e9rience en mati\u00e8re de formation des pilotes [&hellip;]<\/p>\n","protected":false},"author":2,"featured_media":0,"comment_status":"closed","ping_status":"closed","sticky":false,"template":"","format":"standard","meta":{"footnotes":""},"categories":[23],"tags":[],"class_list":["post-2527","post","type-post","status-publish","format-standard","hentry","category-in-the-news-4"],"yoast_head":"<!-- This site is optimized with the Yoast SEO plugin v27.4 - https:\/\/yoast.com\/product\/yoast-seo-wordpress\/ -->\n<title>D\u00e9voilement d\u2019H\u00e9licopt\u00e8res Canadiens en tant que membre de l\u2019\u00e9quipe SkyAlyne - Canadian Helicopters<\/title>\n<meta name=\"robots\" content=\"index, follow, max-snippet:-1, max-image-preview:large, max-video-preview:-1\" \/>\n<link rel=\"canonical\" href=\"https:\/\/www.canadianhelicopters.com\/fr\/devoilement-dhelicopteres-canadiens-en-tant-que-membre-de-lequipe-skyalyne\/\" \/>\n<meta property=\"og:locale\" content=\"fr_FR\" \/>\n<meta property=\"og:type\" content=\"article\" \/>\n<meta property=\"og:title\" content=\"D\u00e9voilement d\u2019H\u00e9licopt\u00e8res Canadiens en tant que membre de l\u2019\u00e9quipe SkyAlyne - Canadian Helicopters\" \/>\n<meta property=\"og:description\" content=\"SkyAlyne a officiellement d\u00e9voil\u00e9 son \u00e9quipe de membres qui fera partie de l\u2019\u00e9quipe strat\u00e9gique avec laquelle elle poursuivra le programme de formation du futur \u00e9quipage ( FAcT) de l\u2019Aviation royale canadienne (ARC). H\u00e9licopt\u00e8res Canadiens est fier de faire partie de cette \u00e9quipe. H\u00e9licopt\u00e8res Canadiens poss\u00e8de d\u00e9j\u00e0 une vaste exp\u00e9rience en mati\u00e8re de formation des pilotes [&hellip;]\" \/>\n<meta property=\"og:url\" content=\"https:\/\/www.canadianhelicopters.com\/fr\/devoilement-dhelicopteres-canadiens-en-tant-que-membre-de-lequipe-skyalyne\/\" \/>\n<meta property=\"og:site_name\" content=\"Canadian Helicopters\" \/>\n<meta property=\"article:published_time\" content=\"2020-08-20T14:32:27+00:00\" \/>\n<meta property=\"og:image\" content=\"https:\/\/www.canadianhelicopters.com\/wps\/wp-content\/uploads\/2020\/08\/SkyAlyne-logo.jpg\" \/>\n<meta name=\"twitter:card\" content=\"summary_large_image\" \/>\n<meta name=\"twitter:label1\" content=\"\u00c9crit par\" \/>\n\t<meta name=\"twitter:data1\" content=\"\" \/>\n\t<meta name=\"twitter:label2\" content=\"Dur\u00e9e de lecture estim\u00e9e\" \/>\n\t<meta name=\"twitter:data2\" content=\"1 minute\" \/>\n<script type=\"application\/ld+json\" class=\"yoast-schema-graph\">{\"@context\":\"https:\\\/\\\/schema.org\",\"@graph\":[{\"@type\":\"Article\",\"@id\":\"https:\\\/\\\/www.canadianhelicopters.com\\\/fr\\\/devoilement-dhelicopteres-canadiens-en-tant-que-membre-de-lequipe-skyalyne\\\/#article\",\"isPartOf\":{\"@id\":\"https:\\\/\\\/www.canadianhelicopters.com\\\/fr\\\/devoilement-dhelicopteres-canadiens-en-tant-que-membre-de-lequipe-skyalyne\\\/\"},\"author\":{\"name\":\"Joannah\",\"@id\":\"https:\\\/\\\/www.canadianhelicopters.com\\\/fr\\\/#\\\/schema\\\/person\\\/eac8c955bbc1082198b2f064940b44d5\"},\"headline\":\"D\u00e9voilement d\u2019H\u00e9licopt\u00e8res Canadiens en tant que membre de l\u2019\u00e9quipe SkyAlyne\",\"datePublished\":\"2020-08-20T14:32:27+00:00\",\"mainEntityOfPage\":{\"@id\":\"https:\\\/\\\/www.canadianhelicopters.com\\\/fr\\\/devoilement-dhelicopteres-canadiens-en-tant-que-membre-de-lequipe-skyalyne\\\/\"},\"wordCount\":120,\"publisher\":{\"@id\":\"https:\\\/\\\/www.canadianhelicopters.com\\\/fr\\\/#organization\"},\"image\":{\"@id\":\"https:\\\/\\\/www.canadianhelicopters.com\\\/fr\\\/devoilement-dhelicopteres-canadiens-en-tant-que-membre-de-lequipe-skyalyne\\\/#primaryimage\"},\"thumbnailUrl\":\"https:\\\/\\\/www.canadianhelicopters.com\\\/wps\\\/wp-content\\\/uploads\\\/2020\\\/08\\\/SkyAlyne-logo.jpg\",\"articleSection\":[\"In the News\"],\"inLanguage\":\"fr-FR\"},{\"@type\":\"WebPage\",\"@id\":\"https:\\\/\\\/www.canadianhelicopters.com\\\/fr\\\/devoilement-dhelicopteres-canadiens-en-tant-que-membre-de-lequipe-skyalyne\\\/\",\"url\":\"https:\\\/\\\/www.canadianhelicopters.com\\\/fr\\\/devoilement-dhelicopteres-canadiens-en-tant-que-membre-de-lequipe-skyalyne\\\/\",\"name\":\"D\u00e9voilement d\u2019H\u00e9licopt\u00e8res Canadiens en tant que membre de l\u2019\u00e9quipe SkyAlyne - Canadian Helicopters\",\"isPartOf\":{\"@id\":\"https:\\\/\\\/www.canadianhelicopters.com\\\/fr\\\/#website\"},\"primaryImageOfPage\":{\"@id\":\"https:\\\/\\\/www.canadianhelicopters.com\\\/fr\\\/devoilement-dhelicopteres-canadiens-en-tant-que-membre-de-lequipe-skyalyne\\\/#primaryimage\"},\"image\":{\"@id\":\"https:\\\/\\\/www.canadianhelicopters.com\\\/fr\\\/devoilement-dhelicopteres-canadiens-en-tant-que-membre-de-lequipe-skyalyne\\\/#primaryimage\"},\"thumbnailUrl\":\"https:\\\/\\\/www.canadianhelicopters.com\\\/wps\\\/wp-content\\\/uploads\\\/2020\\\/08\\\/SkyAlyne-logo.jpg\",\"datePublished\":\"2020-08-20T14:32:27+00:00\",\"breadcrumb\":{\"@id\":\"https:\\\/\\\/www.canadianhelicopters.com\\\/fr\\\/devoilement-dhelicopteres-canadiens-en-tant-que-membre-de-lequipe-skyalyne\\\/#breadcrumb\"},\"inLanguage\":\"fr-FR\",\"potentialAction\":[{\"@type\":\"ReadAction\",\"target\":[\"https:\\\/\\\/www.canadianhelicopters.com\\\/fr\\\/devoilement-dhelicopteres-canadiens-en-tant-que-membre-de-lequipe-skyalyne\\\/\"]}]},{\"@type\":\"ImageObject\",\"inLanguage\":\"fr-FR\",\"@id\":\"https:\\\/\\\/www.canadianhelicopters.com\\\/fr\\\/devoilement-dhelicopteres-canadiens-en-tant-que-membre-de-lequipe-skyalyne\\\/#primaryimage\",\"url\":\"https:\\\/\\\/www.canadianhelicopters.com\\\/wps\\\/wp-content\\\/uploads\\\/2020\\\/08\\\/SkyAlyne-logo.jpg\",\"contentUrl\":\"https:\\\/\\\/www.canadianhelicopters.com\\\/wps\\\/wp-content\\\/uploads\\\/2020\\\/08\\\/SkyAlyne-logo.jpg\"},{\"@type\":\"BreadcrumbList\",\"@id\":\"https:\\\/\\\/www.canadianhelicopters.com\\\/fr\\\/devoilement-dhelicopteres-canadiens-en-tant-que-membre-de-lequipe-skyalyne\\\/#breadcrumb\",\"itemListElement\":[{\"@type\":\"ListItem\",\"position\":1,\"name\":\"Home\",\"item\":\"https:\\\/\\\/www.canadianhelicopters.com\\\/fr\\\/home\\\/\"},{\"@type\":\"ListItem\",\"position\":2,\"name\":\"D\u00e9voilement d\u2019H\u00e9licopt\u00e8res Canadiens en tant que membre de l\u2019\u00e9quipe SkyAlyne\"}]},{\"@type\":\"WebSite\",\"@id\":\"https:\\\/\\\/www.canadianhelicopters.com\\\/fr\\\/#website\",\"url\":\"https:\\\/\\\/www.canadianhelicopters.com\\\/fr\\\/\",\"name\":\"Canadian Helicopters\",\"description\":\"\",\"publisher\":{\"@id\":\"https:\\\/\\\/www.canadianhelicopters.com\\\/fr\\\/#organization\"},\"potentialAction\":[{\"@type\":\"SearchAction\",\"target\":{\"@type\":\"EntryPoint\",\"urlTemplate\":\"https:\\\/\\\/www.canadianhelicopters.com\\\/fr\\\/?s={search_term_string}\"},\"query-input\":{\"@type\":\"PropertyValueSpecification\",\"valueRequired\":true,\"valueName\":\"search_term_string\"}}],\"inLanguage\":\"fr-FR\"},{\"@type\":\"Organization\",\"@id\":\"https:\\\/\\\/www.canadianhelicopters.com\\\/fr\\\/#organization\",\"name\":\"Canadian Helicopters\",\"url\":\"https:\\\/\\\/www.canadianhelicopters.com\\\/fr\\\/\",\"logo\":{\"@type\":\"ImageObject\",\"inLanguage\":\"fr-FR\",\"@id\":\"https:\\\/\\\/www.canadianhelicopters.com\\\/fr\\\/#\\\/schema\\\/logo\\\/image\\\/\",\"url\":\"https:\\\/\\\/www.canadianhelicopters.com\\\/wp-content\\\/uploads\\\/2020\\\/10\\\/CH-logo-EN.png\",\"contentUrl\":\"https:\\\/\\\/www.canadianhelicopters.com\\\/wp-content\\\/uploads\\\/2020\\\/10\\\/CH-logo-EN.png\",\"width\":230,\"height\":129,\"caption\":\"Canadian Helicopters\"},\"image\":{\"@id\":\"https:\\\/\\\/www.canadianhelicopters.com\\\/fr\\\/#\\\/schema\\\/logo\\\/image\\\/\"}},{\"@type\":\"Person\",\"@id\":\"https:\\\/\\\/www.canadianhelicopters.com\\\/fr\\\/#\\\/schema\\\/person\\\/eac8c955bbc1082198b2f064940b44d5\",\"name\":\"Joannah\",\"image\":{\"@type\":\"ImageObject\",\"inLanguage\":\"fr-FR\",\"@id\":\"https:\\\/\\\/secure.gravatar.com\\\/avatar\\\/c67286a2ea56070813d8bac69bb0bb49e857abef5729920c8019477d981a824d?s=96&d=mm&r=g\",\"url\":\"https:\\\/\\\/secure.gravatar.com\\\/avatar\\\/c67286a2ea56070813d8bac69bb0bb49e857abef5729920c8019477d981a824d?s=96&d=mm&r=g\",\"contentUrl\":\"https:\\\/\\\/secure.gravatar.com\\\/avatar\\\/c67286a2ea56070813d8bac69bb0bb49e857abef5729920c8019477d981a824d?s=96&d=mm&r=g\",\"caption\":\"Joannah\"}}]}<\/script>\n<!-- \/ Yoast SEO plugin. -->","yoast_head_json":{"title":"D\u00e9voilement d\u2019H\u00e9licopt\u00e8res Canadiens en tant que membre de l\u2019\u00e9quipe SkyAlyne - Canadian Helicopters","robots":{"index":"index","follow":"follow","max-snippet":"max-snippet:-1","max-image-preview":"max-image-preview:large","max-video-preview":"max-video-preview:-1"},"canonical":"https:\/\/www.canadianhelicopters.com\/fr\/devoilement-dhelicopteres-canadiens-en-tant-que-membre-de-lequipe-skyalyne\/","og_locale":"fr_FR","og_type":"article","og_title":"D\u00e9voilement d\u2019H\u00e9licopt\u00e8res Canadiens en tant que membre de l\u2019\u00e9quipe SkyAlyne - Canadian Helicopters","og_description":"SkyAlyne a officiellement d\u00e9voil\u00e9 son \u00e9quipe de membres qui fera partie de l\u2019\u00e9quipe strat\u00e9gique avec laquelle elle poursuivra le programme de formation du futur \u00e9quipage ( FAcT) de l\u2019Aviation royale canadienne (ARC). H\u00e9licopt\u00e8res Canadiens est fier de faire partie de cette \u00e9quipe. H\u00e9licopt\u00e8res Canadiens poss\u00e8de d\u00e9j\u00e0 une vaste exp\u00e9rience en mati\u00e8re de formation des pilotes [&hellip;]","og_url":"https:\/\/www.canadianhelicopters.com\/fr\/devoilement-dhelicopteres-canadiens-en-tant-que-membre-de-lequipe-skyalyne\/","og_site_name":"Canadian Helicopters","article_published_time":"2020-08-20T14:32:27+00:00","og_image":[{"url":"https:\/\/www.canadianhelicopters.com\/wps\/wp-content\/uploads\/2020\/08\/SkyAlyne-logo.jpg","type":"","width":"","height":""}],"twitter_card":"summary_large_image","twitter_misc":{"\u00c9crit par":false,"Dur\u00e9e de lecture estim\u00e9e":"1 minute"},"schema":{"@context":"https:\/\/schema.org","@graph":[{"@type":"Article","@id":"https:\/\/www.canadianhelicopters.com\/fr\/devoilement-dhelicopteres-canadiens-en-tant-que-membre-de-lequipe-skyalyne\/#article","isPartOf":{"@id":"https:\/\/www.canadianhelicopters.com\/fr\/devoilement-dhelicopteres-canadiens-en-tant-que-membre-de-lequipe-skyalyne\/"},"author":{"name":"Joannah","@id":"https:\/\/www.canadianhelicopters.com\/fr\/#\/schema\/person\/eac8c955bbc1082198b2f064940b44d5"},"headline":"D\u00e9voilement d\u2019H\u00e9licopt\u00e8res Canadiens en tant que membre de l\u2019\u00e9quipe SkyAlyne","datePublished":"2020-08-20T14:32:27+00:00","mainEntityOfPage":{"@id":"https:\/\/www.canadianhelicopters.com\/fr\/devoilement-dhelicopteres-canadiens-en-tant-que-membre-de-lequipe-skyalyne\/"},"wordCount":120,"publisher":{"@id":"https:\/\/www.canadianhelicopters.com\/fr\/#organization"},"image":{"@id":"https:\/\/www.canadianhelicopters.com\/fr\/devoilement-dhelicopteres-canadiens-en-tant-que-membre-de-lequipe-skyalyne\/#primaryimage"},"thumbnailUrl":"https:\/\/www.canadianhelicopters.com\/wps\/wp-content\/uploads\/2020\/08\/SkyAlyne-logo.jpg","articleSection":["In the News"],"inLanguage":"fr-FR"},{"@type":"WebPage","@id":"https:\/\/www.canadianhelicopters.com\/fr\/devoilement-dhelicopteres-canadiens-en-tant-que-membre-de-lequipe-skyalyne\/","url":"https:\/\/www.canadianhelicopters.com\/fr\/devoilement-dhelicopteres-canadiens-en-tant-que-membre-de-lequipe-skyalyne\/","name":"D\u00e9voilement d\u2019H\u00e9licopt\u00e8res Canadiens en tant que membre de l\u2019\u00e9quipe SkyAlyne - Canadian Helicopters","isPartOf":{"@id":"https:\/\/www.canadianhelicopters.com\/fr\/#website"},"primaryImageOfPage":{"@id":"https:\/\/www.canadianhelicopters.com\/fr\/devoilement-dhelicopteres-canadiens-en-tant-que-membre-de-lequipe-skyalyne\/#primaryimage"},"image":{"@id":"https:\/\/www.canadianhelicopters.com\/fr\/devoilement-dhelicopteres-canadiens-en-tant-que-membre-de-lequipe-skyalyne\/#primaryimage"},"thumbnailUrl":"https:\/\/www.canadianhelicopters.com\/wps\/wp-content\/uploads\/2020\/08\/SkyAlyne-logo.jpg","datePublished":"2020-08-20T14:32:27+00:00","breadcrumb":{"@id":"https:\/\/www.canadianhelicopters.com\/fr\/devoilement-dhelicopteres-canadiens-en-tant-que-membre-de-lequipe-skyalyne\/#breadcrumb"},"inLanguage":"fr-FR","potentialAction":[{"@type":"ReadAction","target":["https:\/\/www.canadianhelicopters.com\/fr\/devoilement-dhelicopteres-canadiens-en-tant-que-membre-de-lequipe-skyalyne\/"]}]},{"@type":"ImageObject","inLanguage":"fr-FR","@id":"https:\/\/www.canadianhelicopters.com\/fr\/devoilement-dhelicopteres-canadiens-en-tant-que-membre-de-lequipe-skyalyne\/#primaryimage","url":"https:\/\/www.canadianhelicopters.com\/wps\/wp-content\/uploads\/2020\/08\/SkyAlyne-logo.jpg","contentUrl":"https:\/\/www.canadianhelicopters.com\/wps\/wp-content\/uploads\/2020\/08\/SkyAlyne-logo.jpg"},{"@type":"BreadcrumbList","@id":"https:\/\/www.canadianhelicopters.com\/fr\/devoilement-dhelicopteres-canadiens-en-tant-que-membre-de-lequipe-skyalyne\/#breadcrumb","itemListElement":[{"@type":"ListItem","position":1,"name":"Home","item":"https:\/\/www.canadianhelicopters.com\/fr\/home\/"},{"@type":"ListItem","position":2,"name":"D\u00e9voilement d\u2019H\u00e9licopt\u00e8res Canadiens en tant que membre de l\u2019\u00e9quipe SkyAlyne"}]},{"@type":"WebSite","@id":"https:\/\/www.canadianhelicopters.com\/fr\/#website","url":"https:\/\/www.canadianhelicopters.com\/fr\/","name":"Canadian Helicopters","description":"","publisher":{"@id":"https:\/\/www.canadianhelicopters.com\/fr\/#organization"},"potentialAction":[{"@type":"SearchAction","target":{"@type":"EntryPoint","urlTemplate":"https:\/\/www.canadianhelicopters.com\/fr\/?s={search_term_string}"},"query-input":{"@type":"PropertyValueSpecification","valueRequired":true,"valueName":"search_term_string"}}],"inLanguage":"fr-FR"},{"@type":"Organization","@id":"https:\/\/www.canadianhelicopters.com\/fr\/#organization","name":"Canadian Helicopters","url":"https:\/\/www.canadianhelicopters.com\/fr\/","logo":{"@type":"ImageObject","inLanguage":"fr-FR","@id":"https:\/\/www.canadianhelicopters.com\/fr\/#\/schema\/logo\/image\/","url":"https:\/\/www.canadianhelicopters.com\/wp-content\/uploads\/2020\/10\/CH-logo-EN.png","contentUrl":"https:\/\/www.canadianhelicopters.com\/wp-content\/uploads\/2020\/10\/CH-logo-EN.png","width":230,"height":129,"caption":"Canadian Helicopters"},"image":{"@id":"https:\/\/www.canadianhelicopters.com\/fr\/#\/schema\/logo\/image\/"}},{"@type":"Person","@id":"https:\/\/www.canadianhelicopters.com\/fr\/#\/schema\/person\/eac8c955bbc1082198b2f064940b44d5","name":"Joannah","image":{"@type":"ImageObject","inLanguage":"fr-FR","@id":"https:\/\/secure.gravatar.com\/avatar\/c67286a2ea56070813d8bac69bb0bb49e857abef5729920c8019477d981a824d?s=96&d=mm&r=g","url":"https:\/\/secure.gravatar.com\/avatar\/c67286a2ea56070813d8bac69bb0bb49e857abef5729920c8019477d981a824d?s=96&d=mm&r=g","contentUrl":"https:\/\/secure.gravatar.com\/avatar\/c67286a2ea56070813d8bac69bb0bb49e857abef5729920c8019477d981a824d?s=96&d=mm&r=g","caption":"Joannah"}}]}},"_links":{"self":[{"href":"https:\/\/www.canadianhelicopters.com\/fr\/wp-json\/wp\/v2\/posts\/2527","targetHints":{"allow":["GET"]}}],"collection":[{"href":"https:\/\/www.canadianhelicopters.com\/fr\/wp-json\/wp\/v2\/posts"}],"about":[{"href":"https:\/\/www.canadianhelicopters.com\/fr\/wp-json\/wp\/v2\/types\/post"}],"author":[{"embeddable":true,"href":"https:\/\/www.canadianhelicopters.com\/fr\/wp-json\/wp\/v2\/users\/2"}],"replies":[{"embeddable":true,"href":"https:\/\/www.canadianhelicopters.com\/fr\/wp-json\/wp\/v2\/comments?post=2527"}],"version-history":[{"count":0,"href":"https:\/\/www.canadianhelicopters.com\/fr\/wp-json\/wp\/v2\/posts\/2527\/revisions"}],"wp:attachment":[{"href":"https:\/\/www.canadianhelicopters.com\/fr\/wp-json\/wp\/v2\/media?parent=2527"}],"wp:term":[{"taxonomy":"category","embeddable":true,"href":"https:\/\/www.canadianhelicopters.com\/fr\/wp-json\/wp\/v2\/categories?post=2527"},{"taxonomy":"post_tag","embeddable":true,"href":"https:\/\/www.canadianhelicopters.com\/fr\/wp-json\/wp\/v2\/tags?post=2527"}],"curies":[{"name":"wp","href":"https:\/\/api.w.org\/{rel}","templated":true}]}}