{"id":4433,"date":"2022-04-18T15:39:53","date_gmt":"2022-04-18T19:39:53","guid":{"rendered":"https:\/\/www.canadianhelicopters.com\/celebrating-75-years-1947-2022\/"},"modified":"2022-11-23T11:40:46","modified_gmt":"2022-11-23T16:40:46","slug":"celebrating-75-years-1947-2022","status":"publish","type":"post","link":"https:\/\/www.canadianhelicopters.com\/fr\/celebrating-75-years-1947-2022\/","title":{"rendered":"C\u00e9l\u00e9brer 75 ans (1947-2022)"},"content":{"rendered":"<p><a href=\"https:\/\/www.canadianhelicopters.com\/about-us\/gallery\/\"><img loading=\"lazy\" decoding=\"async\" class=\"alignnone wp-image-4308 size-large\" src=\"https:\/\/www.canadianhelicopters.com\/wp-content\/uploads\/2022\/01\/January-2022-photo-1-1030x928.jpg\" alt=\"\" width=\"1030\" height=\"928\" srcset=\"https:\/\/www.canadianhelicopters.com\/wp-content\/uploads\/2022\/01\/January-2022-photo-1-1030x928.jpg 1030w, https:\/\/www.canadianhelicopters.com\/wp-content\/uploads\/2022\/01\/January-2022-photo-1-300x270.jpg 300w, https:\/\/www.canadianhelicopters.com\/wp-content\/uploads\/2022\/01\/January-2022-photo-1-768x692.jpg 768w, https:\/\/www.canadianhelicopters.com\/wp-content\/uploads\/2022\/01\/January-2022-photo-1-1536x1384.jpg 1536w, https:\/\/www.canadianhelicopters.com\/wp-content\/uploads\/2022\/01\/January-2022-photo-1-2048x1846.jpg 2048w, https:\/\/www.canadianhelicopters.com\/wp-content\/uploads\/2022\/01\/January-2022-photo-1-1500x1352.jpg 1500w, https:\/\/www.canadianhelicopters.com\/wp-content\/uploads\/2022\/01\/January-2022-photo-1-705x635.jpg 705w\" sizes=\"auto, (max-width: 1030px) 100vw, 1030px\" \/><\/a><\/p>\n<p>Il y a 75 ans aujourd\u2019hui, H\u00e9licopt\u00e8res Canadiens \u00e9tait incorpor\u00e9. Ce 18 avril est un jour monumental dans l\u2019histoire d\u2019H\u00e9licopt\u00e8res Canadiens.<\/p>\n<p>Notre histoire a commenc\u00e9 en 1947 lorsque trois v\u00e9t\u00e9rans de l\u2019aviation royale canadienne (Barney Bent, Carl Agar et Alf Stringer) ont achet\u00e9 un h\u00e9licopt\u00e8re Bell 47B3, immatricul\u00e9 : CF-FZX, et ont fond\u00e9 Okanagan Air Service Ltd. Leur vision innovatrice \u00e9tait de fournir un service d\u2019\u00e9pandage a\u00e9rien contre la lutte antiparasitaire pour les vergers et terres agricoles en Colombie-Britannique. Sans savoir que leur modeste concept deviendrait un h\u00e9ritage remarquable.<\/p>\n<p>Dans ces d\u00e9buts, l\u2019entreprise a su se distinguer par sa transformation et ses acquisitions qui l\u2019on fait grandir par le biais de fusions et d\u2019acquisitions impliquant certaines soci\u00e9t\u00e9s d\u2019h\u00e9licopt\u00e8res canadiennes et internationales notable telle que ; Viking, Associated, Sealand et Helicopters New Zealand, pour ne nommer que celles-ci. Afin d\u2019offrir un service complet, l\u2019entreprise cru bon d\u2019ajouter les services de maintenance, de r\u00e9paration et d\u2019assistance qui constitue aujourd\u2019hui une partie importante de ses activit\u00e9s. En plus, H\u00e9licopt\u00e8res Canadiens a su d\u00e9velopper et maitriser des techniques de vol en montagne s\u00e9curitaires ainsi qu\u2019une formation op\u00e9rationnelle avanc\u00e9e de lunette de vision nocturne, maintenant distribu\u00e9e par sa soci\u00e9t\u00e9 s\u0153ur Topflight Elite and Charter. Dans son histoire, l\u2019entit\u00e9 d\u2019h\u00e9licopt\u00e8res Canadiens a pass\u00e9 du publique au priv\u00e9e. H\u00e9licopt\u00e8res Canadiens sous sa nouvelle entit\u00e9, fournie des services dans de nombreuses r\u00e9gions du monde, notamment au Canada; en Asie Pacifique; en Antarctique et aux \u00c9tats-Unis.<\/p>\n<p>Aujourd\u2019hui, H\u00e9licopt\u00e8res Canadiens est une entreprise priv\u00e9e et emploie plus de 400 employ\u00e9s par l\u2019interm\u00e9diaire de ses succursales. Le succ\u00e8s durable de l\u2019entreprise peut \u00eatre largement attribu\u00e9 au d\u00e9veloppement de ces employ\u00e9s, pass\u00e9e et pr\u00e9sents, et au soutien de nos clients, dont certains sont avec nous depuis les touts premi\u00e8res ann\u00e9es. Merci pour votre soutien continu au fil des d\u00e9cennies !<\/p>\n<p>Veuillez-vous joindre \u00e0 moi afin de c\u00e9l\u00e9brer une ann\u00e9e importante dans l\u2019histoire d\u2019h\u00e9licopt\u00e8res Canadiens.<\/p>\n<p>Heureux 75e \u00e0 tous.<\/p>\n","protected":false},"excerpt":{"rendered":"<p>Il y a 75 ans aujourd\u2019hui, H\u00e9licopt\u00e8res Canadiens \u00e9tait incorpor\u00e9. Ce 18 avril est un jour monumental dans l\u2019histoire d\u2019H\u00e9licopt\u00e8res Canadiens. Notre histoire a commenc\u00e9 en 1947 lorsque trois v\u00e9t\u00e9rans de l\u2019aviation royale canadienne (Barney Bent, Carl Agar et Alf Stringer) ont achet\u00e9 un h\u00e9licopt\u00e8re Bell 47B3, immatricul\u00e9 : CF-FZX, et ont fond\u00e9 Okanagan Air [&hellip;]<\/p>\n","protected":false},"author":2,"featured_media":0,"comment_status":"closed","ping_status":"closed","sticky":false,"template":"","format":"standard","meta":{"footnotes":""},"categories":[37,19,23,35,34],"tags":[],"class_list":["post-4433","post","type-post","status-publish","format-standard","hentry","category-english-home-images","category-in-the-news-2","category-in-the-news-4","category-news-fr","category-uncategorized-fr"],"yoast_head":"<!-- This site is optimized with the Yoast SEO plugin v27.5 - https:\/\/yoast.com\/product\/yoast-seo-wordpress\/ -->\n<title>C\u00e9l\u00e9brer 75 ans (1947-2022) - Canadian Helicopters<\/title>\n<meta name=\"robots\" content=\"index, follow, max-snippet:-1, max-image-preview:large, max-video-preview:-1\" \/>\n<link rel=\"canonical\" href=\"https:\/\/www.canadianhelicopters.com\/fr\/celebrating-75-years-1947-2022\/\" \/>\n<meta property=\"og:locale\" content=\"fr_FR\" \/>\n<meta property=\"og:type\" content=\"article\" \/>\n<meta property=\"og:title\" content=\"C\u00e9l\u00e9brer 75 ans (1947-2022) - Canadian Helicopters\" \/>\n<meta property=\"og:description\" content=\"Il y a 75 ans aujourd\u2019hui, H\u00e9licopt\u00e8res Canadiens \u00e9tait incorpor\u00e9. Ce 18 avril est un jour monumental dans l\u2019histoire d\u2019H\u00e9licopt\u00e8res Canadiens. Notre histoire a commenc\u00e9 en 1947 lorsque trois v\u00e9t\u00e9rans de l\u2019aviation royale canadienne (Barney Bent, Carl Agar et Alf Stringer) ont achet\u00e9 un h\u00e9licopt\u00e8re Bell 47B3, immatricul\u00e9 : CF-FZX, et ont fond\u00e9 Okanagan Air [&hellip;]\" \/>\n<meta property=\"og:url\" content=\"https:\/\/www.canadianhelicopters.com\/fr\/celebrating-75-years-1947-2022\/\" \/>\n<meta property=\"og:site_name\" content=\"Canadian Helicopters\" \/>\n<meta property=\"article:published_time\" content=\"2022-04-18T19:39:53+00:00\" \/>\n<meta property=\"article:modified_time\" content=\"2022-11-23T16:40:46+00:00\" \/>\n<meta property=\"og:image\" content=\"https:\/\/www.canadianhelicopters.com\/wp-content\/uploads\/2022\/01\/January-2022-photo-1-1030x928.jpg\" \/>\n<meta name=\"twitter:card\" content=\"summary_large_image\" \/>\n<meta name=\"twitter:label1\" content=\"\u00c9crit par\" \/>\n\t<meta name=\"twitter:data1\" content=\"\" \/>\n\t<meta name=\"twitter:label2\" content=\"Dur\u00e9e de lecture estim\u00e9e\" \/>\n\t<meta name=\"twitter:data2\" content=\"2 minutes\" \/>\n<script type=\"application\/ld+json\" class=\"yoast-schema-graph\">{\"@context\":\"https:\\\/\\\/schema.org\",\"@graph\":[{\"@type\":\"Article\",\"@id\":\"https:\\\/\\\/www.canadianhelicopters.com\\\/fr\\\/celebrating-75-years-1947-2022\\\/#article\",\"isPartOf\":{\"@id\":\"https:\\\/\\\/www.canadianhelicopters.com\\\/fr\\\/celebrating-75-years-1947-2022\\\/\"},\"author\":{\"name\":\"Joannah\",\"@id\":\"https:\\\/\\\/www.canadianhelicopters.com\\\/fr\\\/#\\\/schema\\\/person\\\/eac8c955bbc1082198b2f064940b44d5\"},\"headline\":\"C\u00e9l\u00e9brer 75 ans (1947-2022)\",\"datePublished\":\"2022-04-18T19:39:53+00:00\",\"dateModified\":\"2022-11-23T16:40:46+00:00\",\"mainEntityOfPage\":{\"@id\":\"https:\\\/\\\/www.canadianhelicopters.com\\\/fr\\\/celebrating-75-years-1947-2022\\\/\"},\"wordCount\":384,\"publisher\":{\"@id\":\"https:\\\/\\\/www.canadianhelicopters.com\\\/fr\\\/#organization\"},\"image\":{\"@id\":\"https:\\\/\\\/www.canadianhelicopters.com\\\/fr\\\/celebrating-75-years-1947-2022\\\/#primaryimage\"},\"thumbnailUrl\":\"https:\\\/\\\/www.canadianhelicopters.com\\\/wp-content\\\/uploads\\\/2022\\\/01\\\/January-2022-photo-1-1030x928.jpg\",\"articleSection\":[\"English Home Images\",\"In the News\",\"In the News\",\"News\",\"Uncategorized\"],\"inLanguage\":\"fr-FR\"},{\"@type\":\"WebPage\",\"@id\":\"https:\\\/\\\/www.canadianhelicopters.com\\\/fr\\\/celebrating-75-years-1947-2022\\\/\",\"url\":\"https:\\\/\\\/www.canadianhelicopters.com\\\/fr\\\/celebrating-75-years-1947-2022\\\/\",\"name\":\"C\u00e9l\u00e9brer 75 ans (1947-2022) - Canadian Helicopters\",\"isPartOf\":{\"@id\":\"https:\\\/\\\/www.canadianhelicopters.com\\\/fr\\\/#website\"},\"primaryImageOfPage\":{\"@id\":\"https:\\\/\\\/www.canadianhelicopters.com\\\/fr\\\/celebrating-75-years-1947-2022\\\/#primaryimage\"},\"image\":{\"@id\":\"https:\\\/\\\/www.canadianhelicopters.com\\\/fr\\\/celebrating-75-years-1947-2022\\\/#primaryimage\"},\"thumbnailUrl\":\"https:\\\/\\\/www.canadianhelicopters.com\\\/wp-content\\\/uploads\\\/2022\\\/01\\\/January-2022-photo-1-1030x928.jpg\",\"datePublished\":\"2022-04-18T19:39:53+00:00\",\"dateModified\":\"2022-11-23T16:40:46+00:00\",\"breadcrumb\":{\"@id\":\"https:\\\/\\\/www.canadianhelicopters.com\\\/fr\\\/celebrating-75-years-1947-2022\\\/#breadcrumb\"},\"inLanguage\":\"fr-FR\",\"potentialAction\":[{\"@type\":\"ReadAction\",\"target\":[\"https:\\\/\\\/www.canadianhelicopters.com\\\/fr\\\/celebrating-75-years-1947-2022\\\/\"]}]},{\"@type\":\"ImageObject\",\"inLanguage\":\"fr-FR\",\"@id\":\"https:\\\/\\\/www.canadianhelicopters.com\\\/fr\\\/celebrating-75-years-1947-2022\\\/#primaryimage\",\"url\":\"https:\\\/\\\/www.canadianhelicopters.com\\\/wp-content\\\/uploads\\\/2022\\\/01\\\/January-2022-photo-1-1030x928.jpg\",\"contentUrl\":\"https:\\\/\\\/www.canadianhelicopters.com\\\/wp-content\\\/uploads\\\/2022\\\/01\\\/January-2022-photo-1-1030x928.jpg\"},{\"@type\":\"BreadcrumbList\",\"@id\":\"https:\\\/\\\/www.canadianhelicopters.com\\\/fr\\\/celebrating-75-years-1947-2022\\\/#breadcrumb\",\"itemListElement\":[{\"@type\":\"ListItem\",\"position\":1,\"name\":\"Home\",\"item\":\"https:\\\/\\\/www.canadianhelicopters.com\\\/fr\\\/home\\\/\"},{\"@type\":\"ListItem\",\"position\":2,\"name\":\"C\u00e9l\u00e9brer 75 ans (1947-2022)\"}]},{\"@type\":\"WebSite\",\"@id\":\"https:\\\/\\\/www.canadianhelicopters.com\\\/fr\\\/#website\",\"url\":\"https:\\\/\\\/www.canadianhelicopters.com\\\/fr\\\/\",\"name\":\"Canadian Helicopters\",\"description\":\"\",\"publisher\":{\"@id\":\"https:\\\/\\\/www.canadianhelicopters.com\\\/fr\\\/#organization\"},\"potentialAction\":[{\"@type\":\"SearchAction\",\"target\":{\"@type\":\"EntryPoint\",\"urlTemplate\":\"https:\\\/\\\/www.canadianhelicopters.com\\\/fr\\\/?s={search_term_string}\"},\"query-input\":{\"@type\":\"PropertyValueSpecification\",\"valueRequired\":true,\"valueName\":\"search_term_string\"}}],\"inLanguage\":\"fr-FR\"},{\"@type\":\"Organization\",\"@id\":\"https:\\\/\\\/www.canadianhelicopters.com\\\/fr\\\/#organization\",\"name\":\"Canadian Helicopters\",\"url\":\"https:\\\/\\\/www.canadianhelicopters.com\\\/fr\\\/\",\"logo\":{\"@type\":\"ImageObject\",\"inLanguage\":\"fr-FR\",\"@id\":\"https:\\\/\\\/www.canadianhelicopters.com\\\/fr\\\/#\\\/schema\\\/logo\\\/image\\\/\",\"url\":\"https:\\\/\\\/www.canadianhelicopters.com\\\/wp-content\\\/uploads\\\/2020\\\/10\\\/CH-logo-EN.png\",\"contentUrl\":\"https:\\\/\\\/www.canadianhelicopters.com\\\/wp-content\\\/uploads\\\/2020\\\/10\\\/CH-logo-EN.png\",\"width\":230,\"height\":129,\"caption\":\"Canadian Helicopters\"},\"image\":{\"@id\":\"https:\\\/\\\/www.canadianhelicopters.com\\\/fr\\\/#\\\/schema\\\/logo\\\/image\\\/\"}},{\"@type\":\"Person\",\"@id\":\"https:\\\/\\\/www.canadianhelicopters.com\\\/fr\\\/#\\\/schema\\\/person\\\/eac8c955bbc1082198b2f064940b44d5\",\"name\":\"Joannah\",\"image\":{\"@type\":\"ImageObject\",\"inLanguage\":\"fr-FR\",\"@id\":\"https:\\\/\\\/secure.gravatar.com\\\/avatar\\\/c67286a2ea56070813d8bac69bb0bb49e857abef5729920c8019477d981a824d?s=96&d=mm&r=g\",\"url\":\"https:\\\/\\\/secure.gravatar.com\\\/avatar\\\/c67286a2ea56070813d8bac69bb0bb49e857abef5729920c8019477d981a824d?s=96&d=mm&r=g\",\"contentUrl\":\"https:\\\/\\\/secure.gravatar.com\\\/avatar\\\/c67286a2ea56070813d8bac69bb0bb49e857abef5729920c8019477d981a824d?s=96&d=mm&r=g\",\"caption\":\"Joannah\"}}]}<\/script>\n<!-- \/ Yoast SEO plugin. -->","yoast_head_json":{"title":"C\u00e9l\u00e9brer 75 ans (1947-2022) - Canadian Helicopters","robots":{"index":"index","follow":"follow","max-snippet":"max-snippet:-1","max-image-preview":"max-image-preview:large","max-video-preview":"max-video-preview:-1"},"canonical":"https:\/\/www.canadianhelicopters.com\/fr\/celebrating-75-years-1947-2022\/","og_locale":"fr_FR","og_type":"article","og_title":"C\u00e9l\u00e9brer 75 ans (1947-2022) - Canadian Helicopters","og_description":"Il y a 75 ans aujourd\u2019hui, H\u00e9licopt\u00e8res Canadiens \u00e9tait incorpor\u00e9. Ce 18 avril est un jour monumental dans l\u2019histoire d\u2019H\u00e9licopt\u00e8res Canadiens. Notre histoire a commenc\u00e9 en 1947 lorsque trois v\u00e9t\u00e9rans de l\u2019aviation royale canadienne (Barney Bent, Carl Agar et Alf Stringer) ont achet\u00e9 un h\u00e9licopt\u00e8re Bell 47B3, immatricul\u00e9 : CF-FZX, et ont fond\u00e9 Okanagan Air [&hellip;]","og_url":"https:\/\/www.canadianhelicopters.com\/fr\/celebrating-75-years-1947-2022\/","og_site_name":"Canadian Helicopters","article_published_time":"2022-04-18T19:39:53+00:00","article_modified_time":"2022-11-23T16:40:46+00:00","og_image":[{"url":"https:\/\/www.canadianhelicopters.com\/wp-content\/uploads\/2022\/01\/January-2022-photo-1-1030x928.jpg","type":"","width":"","height":""}],"twitter_card":"summary_large_image","twitter_misc":{"\u00c9crit par":false,"Dur\u00e9e de lecture estim\u00e9e":"2 minutes"},"schema":{"@context":"https:\/\/schema.org","@graph":[{"@type":"Article","@id":"https:\/\/www.canadianhelicopters.com\/fr\/celebrating-75-years-1947-2022\/#article","isPartOf":{"@id":"https:\/\/www.canadianhelicopters.com\/fr\/celebrating-75-years-1947-2022\/"},"author":{"name":"Joannah","@id":"https:\/\/www.canadianhelicopters.com\/fr\/#\/schema\/person\/eac8c955bbc1082198b2f064940b44d5"},"headline":"C\u00e9l\u00e9brer 75 ans (1947-2022)","datePublished":"2022-04-18T19:39:53+00:00","dateModified":"2022-11-23T16:40:46+00:00","mainEntityOfPage":{"@id":"https:\/\/www.canadianhelicopters.com\/fr\/celebrating-75-years-1947-2022\/"},"wordCount":384,"publisher":{"@id":"https:\/\/www.canadianhelicopters.com\/fr\/#organization"},"image":{"@id":"https:\/\/www.canadianhelicopters.com\/fr\/celebrating-75-years-1947-2022\/#primaryimage"},"thumbnailUrl":"https:\/\/www.canadianhelicopters.com\/wp-content\/uploads\/2022\/01\/January-2022-photo-1-1030x928.jpg","articleSection":["English Home Images","In the News","In the News","News","Uncategorized"],"inLanguage":"fr-FR"},{"@type":"WebPage","@id":"https:\/\/www.canadianhelicopters.com\/fr\/celebrating-75-years-1947-2022\/","url":"https:\/\/www.canadianhelicopters.com\/fr\/celebrating-75-years-1947-2022\/","name":"C\u00e9l\u00e9brer 75 ans (1947-2022) - Canadian Helicopters","isPartOf":{"@id":"https:\/\/www.canadianhelicopters.com\/fr\/#website"},"primaryImageOfPage":{"@id":"https:\/\/www.canadianhelicopters.com\/fr\/celebrating-75-years-1947-2022\/#primaryimage"},"image":{"@id":"https:\/\/www.canadianhelicopters.com\/fr\/celebrating-75-years-1947-2022\/#primaryimage"},"thumbnailUrl":"https:\/\/www.canadianhelicopters.com\/wp-content\/uploads\/2022\/01\/January-2022-photo-1-1030x928.jpg","datePublished":"2022-04-18T19:39:53+00:00","dateModified":"2022-11-23T16:40:46+00:00","breadcrumb":{"@id":"https:\/\/www.canadianhelicopters.com\/fr\/celebrating-75-years-1947-2022\/#breadcrumb"},"inLanguage":"fr-FR","potentialAction":[{"@type":"ReadAction","target":["https:\/\/www.canadianhelicopters.com\/fr\/celebrating-75-years-1947-2022\/"]}]},{"@type":"ImageObject","inLanguage":"fr-FR","@id":"https:\/\/www.canadianhelicopters.com\/fr\/celebrating-75-years-1947-2022\/#primaryimage","url":"https:\/\/www.canadianhelicopters.com\/wp-content\/uploads\/2022\/01\/January-2022-photo-1-1030x928.jpg","contentUrl":"https:\/\/www.canadianhelicopters.com\/wp-content\/uploads\/2022\/01\/January-2022-photo-1-1030x928.jpg"},{"@type":"BreadcrumbList","@id":"https:\/\/www.canadianhelicopters.com\/fr\/celebrating-75-years-1947-2022\/#breadcrumb","itemListElement":[{"@type":"ListItem","position":1,"name":"Home","item":"https:\/\/www.canadianhelicopters.com\/fr\/home\/"},{"@type":"ListItem","position":2,"name":"C\u00e9l\u00e9brer 75 ans (1947-2022)"}]},{"@type":"WebSite","@id":"https:\/\/www.canadianhelicopters.com\/fr\/#website","url":"https:\/\/www.canadianhelicopters.com\/fr\/","name":"Canadian Helicopters","description":"","publisher":{"@id":"https:\/\/www.canadianhelicopters.com\/fr\/#organization"},"potentialAction":[{"@type":"SearchAction","target":{"@type":"EntryPoint","urlTemplate":"https:\/\/www.canadianhelicopters.com\/fr\/?s={search_term_string}"},"query-input":{"@type":"PropertyValueSpecification","valueRequired":true,"valueName":"search_term_string"}}],"inLanguage":"fr-FR"},{"@type":"Organization","@id":"https:\/\/www.canadianhelicopters.com\/fr\/#organization","name":"Canadian Helicopters","url":"https:\/\/www.canadianhelicopters.com\/fr\/","logo":{"@type":"ImageObject","inLanguage":"fr-FR","@id":"https:\/\/www.canadianhelicopters.com\/fr\/#\/schema\/logo\/image\/","url":"https:\/\/www.canadianhelicopters.com\/wp-content\/uploads\/2020\/10\/CH-logo-EN.png","contentUrl":"https:\/\/www.canadianhelicopters.com\/wp-content\/uploads\/2020\/10\/CH-logo-EN.png","width":230,"height":129,"caption":"Canadian Helicopters"},"image":{"@id":"https:\/\/www.canadianhelicopters.com\/fr\/#\/schema\/logo\/image\/"}},{"@type":"Person","@id":"https:\/\/www.canadianhelicopters.com\/fr\/#\/schema\/person\/eac8c955bbc1082198b2f064940b44d5","name":"Joannah","image":{"@type":"ImageObject","inLanguage":"fr-FR","@id":"https:\/\/secure.gravatar.com\/avatar\/c67286a2ea56070813d8bac69bb0bb49e857abef5729920c8019477d981a824d?s=96&d=mm&r=g","url":"https:\/\/secure.gravatar.com\/avatar\/c67286a2ea56070813d8bac69bb0bb49e857abef5729920c8019477d981a824d?s=96&d=mm&r=g","contentUrl":"https:\/\/secure.gravatar.com\/avatar\/c67286a2ea56070813d8bac69bb0bb49e857abef5729920c8019477d981a824d?s=96&d=mm&r=g","caption":"Joannah"}}]}},"_links":{"self":[{"href":"https:\/\/www.canadianhelicopters.com\/fr\/wp-json\/wp\/v2\/posts\/4433","targetHints":{"allow":["GET"]}}],"collection":[{"href":"https:\/\/www.canadianhelicopters.com\/fr\/wp-json\/wp\/v2\/posts"}],"about":[{"href":"https:\/\/www.canadianhelicopters.com\/fr\/wp-json\/wp\/v2\/types\/post"}],"author":[{"embeddable":true,"href":"https:\/\/www.canadianhelicopters.com\/fr\/wp-json\/wp\/v2\/users\/2"}],"replies":[{"embeddable":true,"href":"https:\/\/www.canadianhelicopters.com\/fr\/wp-json\/wp\/v2\/comments?post=4433"}],"version-history":[{"count":2,"href":"https:\/\/www.canadianhelicopters.com\/fr\/wp-json\/wp\/v2\/posts\/4433\/revisions"}],"predecessor-version":[{"id":4472,"href":"https:\/\/www.canadianhelicopters.com\/fr\/wp-json\/wp\/v2\/posts\/4433\/revisions\/4472"}],"wp:attachment":[{"href":"https:\/\/www.canadianhelicopters.com\/fr\/wp-json\/wp\/v2\/media?parent=4433"}],"wp:term":[{"taxonomy":"category","embeddable":true,"href":"https:\/\/www.canadianhelicopters.com\/fr\/wp-json\/wp\/v2\/categories?post=4433"},{"taxonomy":"post_tag","embeddable":true,"href":"https:\/\/www.canadianhelicopters.com\/fr\/wp-json\/wp\/v2\/tags?post=4433"}],"curies":[{"name":"wp","href":"https:\/\/api.w.org\/{rel}","templated":true}]}}