{"id":4605,"date":"2023-09-05T12:05:42","date_gmt":"2023-09-05T16:05:42","guid":{"rendered":"https:\/\/www.canadianhelicopters.com\/?p=4605"},"modified":"2023-09-05T12:05:53","modified_gmt":"2023-09-05T16:05:53","slug":"topflight-participe-au-sauvetage-dun-randonneur-coince-par-un-feu-de-foret","status":"publish","type":"post","link":"https:\/\/www.canadianhelicopters.com\/fr\/topflight-participe-au-sauvetage-dun-randonneur-coince-par-un-feu-de-foret\/","title":{"rendered":"Topflight participe au sauvetage d\u2019un randonneur coinc\u00e9 par un feu de for\u00eat"},"content":{"rendered":"<section  class='av_textblock_section av-lm6hzc1p-f582194de719b90cf4b27f727e8474b3 '   itemscope=\"itemscope\" itemtype=\"https:\/\/schema.org\/BlogPosting\" itemprop=\"blogPost\" ><div class='avia_textblock'  itemprop=\"text\" ><p><a href=\"https:\/\/www.canadianhelicopters.com\/wp-content\/uploads\/2023\/09\/FNZZ-fire-rescue.jpg\"><img loading=\"lazy\" decoding=\"async\" class=\"alignnone size-large wp-image-4608\" src=\"https:\/\/www.canadianhelicopters.com\/wp-content\/uploads\/2023\/09\/FNZZ-fire-rescue-1030x773.jpg\" alt=\"\" width=\"1030\" height=\"773\" srcset=\"https:\/\/www.canadianhelicopters.com\/wp-content\/uploads\/2023\/09\/FNZZ-fire-rescue-1030x773.jpg 1030w, https:\/\/www.canadianhelicopters.com\/wp-content\/uploads\/2023\/09\/FNZZ-fire-rescue-300x225.jpg 300w, https:\/\/www.canadianhelicopters.com\/wp-content\/uploads\/2023\/09\/FNZZ-fire-rescue-768x576.jpg 768w, https:\/\/www.canadianhelicopters.com\/wp-content\/uploads\/2023\/09\/FNZZ-fire-rescue-1536x1152.jpg 1536w, https:\/\/www.canadianhelicopters.com\/wp-content\/uploads\/2023\/09\/FNZZ-fire-rescue-1500x1125.jpg 1500w, https:\/\/www.canadianhelicopters.com\/wp-content\/uploads\/2023\/09\/FNZZ-fire-rescue-705x529.jpg 705w, https:\/\/www.canadianhelicopters.com\/wp-content\/uploads\/2023\/09\/FNZZ-fire-rescue.jpg 2016w\" sizes=\"auto, (max-width: 1030px) 100vw, 1030px\" \/><\/a><\/p>\n<p>Lorqu\u2019un randonneur a \u00e9t\u00e9 pris au pi\u00e8ge par le feu de for\u00eat de Crater Creek dans le parc Cathedral, en Colombie-Britannique, la soci\u00e9t\u00e9 s\u0153ur de Canadian Helicopters, Topflight Elite Training and Charters, a \u00e9t\u00e9 appel\u00e9e \u00e0 la rescousse. L\u2019instructeur de Topflight, Adam Sloan, et deux membres de l\u2019\u00e9quipe de recherche et sauvetage de Penticton ont mis environ quatre heures pour effectuer le sauvetage \u00e0 l\u2019aide d\u2019un AS350B3e. Le sauvetage a eu lieu \u00e0 la fin du mois d\u2019ao\u00fbt.<\/p>\n<p>Un article publi\u00e9 par Helicopters Magazine donne des d\u00e9tails sur ce sauvetage difficile&nbsp;: <a href=\"https:\/\/www.helicoptersmagazine.com\/heroic-fire-rescue-in-the-face-of-flames\/\">Heroic fire rescue in the face of flames &#8211; Helicopters Magazine<\/a><\/p>\n<\/div><\/section>\n","protected":false},"excerpt":{"rendered":"","protected":false},"author":2,"featured_media":0,"comment_status":"closed","ping_status":"closed","sticky":false,"template":"","format":"standard","meta":{"footnotes":""},"categories":[18],"tags":[],"class_list":["post-4605","post","type-post","status-publish","format-standard","hentry","category-non-classifiee"],"yoast_head":"<!-- This site is optimized with the Yoast SEO plugin v27.4 - https:\/\/yoast.com\/product\/yoast-seo-wordpress\/ -->\n<title>Topflight participe au sauvetage d\u2019un randonneur coinc\u00e9 par un feu de for\u00eat - Canadian Helicopters<\/title>\n<meta name=\"robots\" content=\"index, follow, max-snippet:-1, max-image-preview:large, max-video-preview:-1\" \/>\n<link rel=\"canonical\" href=\"https:\/\/www.canadianhelicopters.com\/fr\/topflight-participe-au-sauvetage-dun-randonneur-coince-par-un-feu-de-foret\/\" \/>\n<meta property=\"og:locale\" content=\"fr_FR\" \/>\n<meta property=\"og:type\" content=\"article\" \/>\n<meta property=\"og:title\" content=\"Topflight participe au sauvetage d\u2019un randonneur coinc\u00e9 par un feu de for\u00eat - Canadian Helicopters\" \/>\n<meta property=\"og:url\" content=\"https:\/\/www.canadianhelicopters.com\/fr\/topflight-participe-au-sauvetage-dun-randonneur-coince-par-un-feu-de-foret\/\" \/>\n<meta property=\"og:site_name\" content=\"Canadian Helicopters\" \/>\n<meta property=\"article:published_time\" content=\"2023-09-05T16:05:42+00:00\" \/>\n<meta property=\"article:modified_time\" content=\"2023-09-05T16:05:53+00:00\" \/>\n<meta property=\"og:image\" content=\"https:\/\/www.canadianhelicopters.com\/wp-content\/uploads\/2023\/09\/FNZZ-fire-rescue-1030x773.jpg\" \/>\n<meta name=\"twitter:card\" content=\"summary_large_image\" \/>\n<meta name=\"twitter:label1\" content=\"\u00c9crit par\" \/>\n\t<meta name=\"twitter:data1\" content=\"\" \/>\n\t<meta name=\"twitter:label2\" content=\"Dur\u00e9e de lecture estim\u00e9e\" \/>\n\t<meta name=\"twitter:data2\" content=\"1 minute\" \/>\n<script type=\"application\/ld+json\" class=\"yoast-schema-graph\">{\"@context\":\"https:\\\/\\\/schema.org\",\"@graph\":[{\"@type\":\"Article\",\"@id\":\"https:\\\/\\\/www.canadianhelicopters.com\\\/fr\\\/topflight-participe-au-sauvetage-dun-randonneur-coince-par-un-feu-de-foret\\\/#article\",\"isPartOf\":{\"@id\":\"https:\\\/\\\/www.canadianhelicopters.com\\\/fr\\\/topflight-participe-au-sauvetage-dun-randonneur-coince-par-un-feu-de-foret\\\/\"},\"author\":{\"name\":\"Joannah\",\"@id\":\"https:\\\/\\\/www.canadianhelicopters.com\\\/fr\\\/#\\\/schema\\\/person\\\/eac8c955bbc1082198b2f064940b44d5\"},\"headline\":\"Topflight participe au sauvetage d\u2019un randonneur coinc\u00e9 par un feu de for\u00eat\",\"datePublished\":\"2023-09-05T16:05:42+00:00\",\"dateModified\":\"2023-09-05T16:05:53+00:00\",\"mainEntityOfPage\":{\"@id\":\"https:\\\/\\\/www.canadianhelicopters.com\\\/fr\\\/topflight-participe-au-sauvetage-dun-randonneur-coince-par-un-feu-de-foret\\\/\"},\"wordCount\":213,\"publisher\":{\"@id\":\"https:\\\/\\\/www.canadianhelicopters.com\\\/fr\\\/#organization\"},\"image\":{\"@id\":\"https:\\\/\\\/www.canadianhelicopters.com\\\/fr\\\/topflight-participe-au-sauvetage-dun-randonneur-coince-par-un-feu-de-foret\\\/#primaryimage\"},\"thumbnailUrl\":\"https:\\\/\\\/www.canadianhelicopters.com\\\/wp-content\\\/uploads\\\/2023\\\/09\\\/FNZZ-fire-rescue-1030x773.jpg\",\"articleSection\":[\"Non classifi\u00e9(e)\"],\"inLanguage\":\"fr-FR\"},{\"@type\":\"WebPage\",\"@id\":\"https:\\\/\\\/www.canadianhelicopters.com\\\/fr\\\/topflight-participe-au-sauvetage-dun-randonneur-coince-par-un-feu-de-foret\\\/\",\"url\":\"https:\\\/\\\/www.canadianhelicopters.com\\\/fr\\\/topflight-participe-au-sauvetage-dun-randonneur-coince-par-un-feu-de-foret\\\/\",\"name\":\"Topflight participe au sauvetage d\u2019un randonneur coinc\u00e9 par un feu de for\u00eat - Canadian Helicopters\",\"isPartOf\":{\"@id\":\"https:\\\/\\\/www.canadianhelicopters.com\\\/fr\\\/#website\"},\"primaryImageOfPage\":{\"@id\":\"https:\\\/\\\/www.canadianhelicopters.com\\\/fr\\\/topflight-participe-au-sauvetage-dun-randonneur-coince-par-un-feu-de-foret\\\/#primaryimage\"},\"image\":{\"@id\":\"https:\\\/\\\/www.canadianhelicopters.com\\\/fr\\\/topflight-participe-au-sauvetage-dun-randonneur-coince-par-un-feu-de-foret\\\/#primaryimage\"},\"thumbnailUrl\":\"https:\\\/\\\/www.canadianhelicopters.com\\\/wp-content\\\/uploads\\\/2023\\\/09\\\/FNZZ-fire-rescue-1030x773.jpg\",\"datePublished\":\"2023-09-05T16:05:42+00:00\",\"dateModified\":\"2023-09-05T16:05:53+00:00\",\"breadcrumb\":{\"@id\":\"https:\\\/\\\/www.canadianhelicopters.com\\\/fr\\\/topflight-participe-au-sauvetage-dun-randonneur-coince-par-un-feu-de-foret\\\/#breadcrumb\"},\"inLanguage\":\"fr-FR\",\"potentialAction\":[{\"@type\":\"ReadAction\",\"target\":[\"https:\\\/\\\/www.canadianhelicopters.com\\\/fr\\\/topflight-participe-au-sauvetage-dun-randonneur-coince-par-un-feu-de-foret\\\/\"]}]},{\"@type\":\"ImageObject\",\"inLanguage\":\"fr-FR\",\"@id\":\"https:\\\/\\\/www.canadianhelicopters.com\\\/fr\\\/topflight-participe-au-sauvetage-dun-randonneur-coince-par-un-feu-de-foret\\\/#primaryimage\",\"url\":\"https:\\\/\\\/www.canadianhelicopters.com\\\/wp-content\\\/uploads\\\/2023\\\/09\\\/FNZZ-fire-rescue-1030x773.jpg\",\"contentUrl\":\"https:\\\/\\\/www.canadianhelicopters.com\\\/wp-content\\\/uploads\\\/2023\\\/09\\\/FNZZ-fire-rescue-1030x773.jpg\"},{\"@type\":\"BreadcrumbList\",\"@id\":\"https:\\\/\\\/www.canadianhelicopters.com\\\/fr\\\/topflight-participe-au-sauvetage-dun-randonneur-coince-par-un-feu-de-foret\\\/#breadcrumb\",\"itemListElement\":[{\"@type\":\"ListItem\",\"position\":1,\"name\":\"Home\",\"item\":\"https:\\\/\\\/www.canadianhelicopters.com\\\/fr\\\/home\\\/\"},{\"@type\":\"ListItem\",\"position\":2,\"name\":\"Topflight participe au sauvetage d\u2019un randonneur coinc\u00e9 par un feu de for\u00eat\"}]},{\"@type\":\"WebSite\",\"@id\":\"https:\\\/\\\/www.canadianhelicopters.com\\\/fr\\\/#website\",\"url\":\"https:\\\/\\\/www.canadianhelicopters.com\\\/fr\\\/\",\"name\":\"Canadian Helicopters\",\"description\":\"\",\"publisher\":{\"@id\":\"https:\\\/\\\/www.canadianhelicopters.com\\\/fr\\\/#organization\"},\"potentialAction\":[{\"@type\":\"SearchAction\",\"target\":{\"@type\":\"EntryPoint\",\"urlTemplate\":\"https:\\\/\\\/www.canadianhelicopters.com\\\/fr\\\/?s={search_term_string}\"},\"query-input\":{\"@type\":\"PropertyValueSpecification\",\"valueRequired\":true,\"valueName\":\"search_term_string\"}}],\"inLanguage\":\"fr-FR\"},{\"@type\":\"Organization\",\"@id\":\"https:\\\/\\\/www.canadianhelicopters.com\\\/fr\\\/#organization\",\"name\":\"Canadian Helicopters\",\"url\":\"https:\\\/\\\/www.canadianhelicopters.com\\\/fr\\\/\",\"logo\":{\"@type\":\"ImageObject\",\"inLanguage\":\"fr-FR\",\"@id\":\"https:\\\/\\\/www.canadianhelicopters.com\\\/fr\\\/#\\\/schema\\\/logo\\\/image\\\/\",\"url\":\"https:\\\/\\\/www.canadianhelicopters.com\\\/wp-content\\\/uploads\\\/2020\\\/10\\\/CH-logo-EN.png\",\"contentUrl\":\"https:\\\/\\\/www.canadianhelicopters.com\\\/wp-content\\\/uploads\\\/2020\\\/10\\\/CH-logo-EN.png\",\"width\":230,\"height\":129,\"caption\":\"Canadian Helicopters\"},\"image\":{\"@id\":\"https:\\\/\\\/www.canadianhelicopters.com\\\/fr\\\/#\\\/schema\\\/logo\\\/image\\\/\"}},{\"@type\":\"Person\",\"@id\":\"https:\\\/\\\/www.canadianhelicopters.com\\\/fr\\\/#\\\/schema\\\/person\\\/eac8c955bbc1082198b2f064940b44d5\",\"name\":\"Joannah\",\"image\":{\"@type\":\"ImageObject\",\"inLanguage\":\"fr-FR\",\"@id\":\"https:\\\/\\\/secure.gravatar.com\\\/avatar\\\/c67286a2ea56070813d8bac69bb0bb49e857abef5729920c8019477d981a824d?s=96&d=mm&r=g\",\"url\":\"https:\\\/\\\/secure.gravatar.com\\\/avatar\\\/c67286a2ea56070813d8bac69bb0bb49e857abef5729920c8019477d981a824d?s=96&d=mm&r=g\",\"contentUrl\":\"https:\\\/\\\/secure.gravatar.com\\\/avatar\\\/c67286a2ea56070813d8bac69bb0bb49e857abef5729920c8019477d981a824d?s=96&d=mm&r=g\",\"caption\":\"Joannah\"}}]}<\/script>\n<!-- \/ Yoast SEO plugin. -->","yoast_head_json":{"title":"Topflight participe au sauvetage d\u2019un randonneur coinc\u00e9 par un feu de for\u00eat - Canadian Helicopters","robots":{"index":"index","follow":"follow","max-snippet":"max-snippet:-1","max-image-preview":"max-image-preview:large","max-video-preview":"max-video-preview:-1"},"canonical":"https:\/\/www.canadianhelicopters.com\/fr\/topflight-participe-au-sauvetage-dun-randonneur-coince-par-un-feu-de-foret\/","og_locale":"fr_FR","og_type":"article","og_title":"Topflight participe au sauvetage d\u2019un randonneur coinc\u00e9 par un feu de for\u00eat - Canadian Helicopters","og_url":"https:\/\/www.canadianhelicopters.com\/fr\/topflight-participe-au-sauvetage-dun-randonneur-coince-par-un-feu-de-foret\/","og_site_name":"Canadian Helicopters","article_published_time":"2023-09-05T16:05:42+00:00","article_modified_time":"2023-09-05T16:05:53+00:00","og_image":[{"url":"https:\/\/www.canadianhelicopters.com\/wp-content\/uploads\/2023\/09\/FNZZ-fire-rescue-1030x773.jpg","type":"","width":"","height":""}],"twitter_card":"summary_large_image","twitter_misc":{"\u00c9crit par":false,"Dur\u00e9e de lecture estim\u00e9e":"1 minute"},"schema":{"@context":"https:\/\/schema.org","@graph":[{"@type":"Article","@id":"https:\/\/www.canadianhelicopters.com\/fr\/topflight-participe-au-sauvetage-dun-randonneur-coince-par-un-feu-de-foret\/#article","isPartOf":{"@id":"https:\/\/www.canadianhelicopters.com\/fr\/topflight-participe-au-sauvetage-dun-randonneur-coince-par-un-feu-de-foret\/"},"author":{"name":"Joannah","@id":"https:\/\/www.canadianhelicopters.com\/fr\/#\/schema\/person\/eac8c955bbc1082198b2f064940b44d5"},"headline":"Topflight participe au sauvetage d\u2019un randonneur coinc\u00e9 par un feu de for\u00eat","datePublished":"2023-09-05T16:05:42+00:00","dateModified":"2023-09-05T16:05:53+00:00","mainEntityOfPage":{"@id":"https:\/\/www.canadianhelicopters.com\/fr\/topflight-participe-au-sauvetage-dun-randonneur-coince-par-un-feu-de-foret\/"},"wordCount":213,"publisher":{"@id":"https:\/\/www.canadianhelicopters.com\/fr\/#organization"},"image":{"@id":"https:\/\/www.canadianhelicopters.com\/fr\/topflight-participe-au-sauvetage-dun-randonneur-coince-par-un-feu-de-foret\/#primaryimage"},"thumbnailUrl":"https:\/\/www.canadianhelicopters.com\/wp-content\/uploads\/2023\/09\/FNZZ-fire-rescue-1030x773.jpg","articleSection":["Non classifi\u00e9(e)"],"inLanguage":"fr-FR"},{"@type":"WebPage","@id":"https:\/\/www.canadianhelicopters.com\/fr\/topflight-participe-au-sauvetage-dun-randonneur-coince-par-un-feu-de-foret\/","url":"https:\/\/www.canadianhelicopters.com\/fr\/topflight-participe-au-sauvetage-dun-randonneur-coince-par-un-feu-de-foret\/","name":"Topflight participe au sauvetage d\u2019un randonneur coinc\u00e9 par un feu de for\u00eat - Canadian Helicopters","isPartOf":{"@id":"https:\/\/www.canadianhelicopters.com\/fr\/#website"},"primaryImageOfPage":{"@id":"https:\/\/www.canadianhelicopters.com\/fr\/topflight-participe-au-sauvetage-dun-randonneur-coince-par-un-feu-de-foret\/#primaryimage"},"image":{"@id":"https:\/\/www.canadianhelicopters.com\/fr\/topflight-participe-au-sauvetage-dun-randonneur-coince-par-un-feu-de-foret\/#primaryimage"},"thumbnailUrl":"https:\/\/www.canadianhelicopters.com\/wp-content\/uploads\/2023\/09\/FNZZ-fire-rescue-1030x773.jpg","datePublished":"2023-09-05T16:05:42+00:00","dateModified":"2023-09-05T16:05:53+00:00","breadcrumb":{"@id":"https:\/\/www.canadianhelicopters.com\/fr\/topflight-participe-au-sauvetage-dun-randonneur-coince-par-un-feu-de-foret\/#breadcrumb"},"inLanguage":"fr-FR","potentialAction":[{"@type":"ReadAction","target":["https:\/\/www.canadianhelicopters.com\/fr\/topflight-participe-au-sauvetage-dun-randonneur-coince-par-un-feu-de-foret\/"]}]},{"@type":"ImageObject","inLanguage":"fr-FR","@id":"https:\/\/www.canadianhelicopters.com\/fr\/topflight-participe-au-sauvetage-dun-randonneur-coince-par-un-feu-de-foret\/#primaryimage","url":"https:\/\/www.canadianhelicopters.com\/wp-content\/uploads\/2023\/09\/FNZZ-fire-rescue-1030x773.jpg","contentUrl":"https:\/\/www.canadianhelicopters.com\/wp-content\/uploads\/2023\/09\/FNZZ-fire-rescue-1030x773.jpg"},{"@type":"BreadcrumbList","@id":"https:\/\/www.canadianhelicopters.com\/fr\/topflight-participe-au-sauvetage-dun-randonneur-coince-par-un-feu-de-foret\/#breadcrumb","itemListElement":[{"@type":"ListItem","position":1,"name":"Home","item":"https:\/\/www.canadianhelicopters.com\/fr\/home\/"},{"@type":"ListItem","position":2,"name":"Topflight participe au sauvetage d\u2019un randonneur coinc\u00e9 par un feu de for\u00eat"}]},{"@type":"WebSite","@id":"https:\/\/www.canadianhelicopters.com\/fr\/#website","url":"https:\/\/www.canadianhelicopters.com\/fr\/","name":"Canadian Helicopters","description":"","publisher":{"@id":"https:\/\/www.canadianhelicopters.com\/fr\/#organization"},"potentialAction":[{"@type":"SearchAction","target":{"@type":"EntryPoint","urlTemplate":"https:\/\/www.canadianhelicopters.com\/fr\/?s={search_term_string}"},"query-input":{"@type":"PropertyValueSpecification","valueRequired":true,"valueName":"search_term_string"}}],"inLanguage":"fr-FR"},{"@type":"Organization","@id":"https:\/\/www.canadianhelicopters.com\/fr\/#organization","name":"Canadian Helicopters","url":"https:\/\/www.canadianhelicopters.com\/fr\/","logo":{"@type":"ImageObject","inLanguage":"fr-FR","@id":"https:\/\/www.canadianhelicopters.com\/fr\/#\/schema\/logo\/image\/","url":"https:\/\/www.canadianhelicopters.com\/wp-content\/uploads\/2020\/10\/CH-logo-EN.png","contentUrl":"https:\/\/www.canadianhelicopters.com\/wp-content\/uploads\/2020\/10\/CH-logo-EN.png","width":230,"height":129,"caption":"Canadian Helicopters"},"image":{"@id":"https:\/\/www.canadianhelicopters.com\/fr\/#\/schema\/logo\/image\/"}},{"@type":"Person","@id":"https:\/\/www.canadianhelicopters.com\/fr\/#\/schema\/person\/eac8c955bbc1082198b2f064940b44d5","name":"Joannah","image":{"@type":"ImageObject","inLanguage":"fr-FR","@id":"https:\/\/secure.gravatar.com\/avatar\/c67286a2ea56070813d8bac69bb0bb49e857abef5729920c8019477d981a824d?s=96&d=mm&r=g","url":"https:\/\/secure.gravatar.com\/avatar\/c67286a2ea56070813d8bac69bb0bb49e857abef5729920c8019477d981a824d?s=96&d=mm&r=g","contentUrl":"https:\/\/secure.gravatar.com\/avatar\/c67286a2ea56070813d8bac69bb0bb49e857abef5729920c8019477d981a824d?s=96&d=mm&r=g","caption":"Joannah"}}]}},"_links":{"self":[{"href":"https:\/\/www.canadianhelicopters.com\/fr\/wp-json\/wp\/v2\/posts\/4605","targetHints":{"allow":["GET"]}}],"collection":[{"href":"https:\/\/www.canadianhelicopters.com\/fr\/wp-json\/wp\/v2\/posts"}],"about":[{"href":"https:\/\/www.canadianhelicopters.com\/fr\/wp-json\/wp\/v2\/types\/post"}],"author":[{"embeddable":true,"href":"https:\/\/www.canadianhelicopters.com\/fr\/wp-json\/wp\/v2\/users\/2"}],"replies":[{"embeddable":true,"href":"https:\/\/www.canadianhelicopters.com\/fr\/wp-json\/wp\/v2\/comments?post=4605"}],"version-history":[{"count":7,"href":"https:\/\/www.canadianhelicopters.com\/fr\/wp-json\/wp\/v2\/posts\/4605\/revisions"}],"predecessor-version":[{"id":4615,"href":"https:\/\/www.canadianhelicopters.com\/fr\/wp-json\/wp\/v2\/posts\/4605\/revisions\/4615"}],"wp:attachment":[{"href":"https:\/\/www.canadianhelicopters.com\/fr\/wp-json\/wp\/v2\/media?parent=4605"}],"wp:term":[{"taxonomy":"category","embeddable":true,"href":"https:\/\/www.canadianhelicopters.com\/fr\/wp-json\/wp\/v2\/categories?post=4605"},{"taxonomy":"post_tag","embeddable":true,"href":"https:\/\/www.canadianhelicopters.com\/fr\/wp-json\/wp\/v2\/tags?post=4605"}],"curies":[{"name":"wp","href":"https:\/\/api.w.org\/{rel}","templated":true}]}}